{"id":4837,"date":"2026-07-21T23:29:10","date_gmt":"2026-07-21T23:29:10","guid":{"rendered":"https:\/\/vortexbird.com\/?p=4837"},"modified":"2026-07-22T14:57:17","modified_gmt":"2026-07-22T14:57:17","slug":"16-anos-creciendo-juntos-la-historia-de-un-sueno-que-sigue-transformando-el-futuro","status":"publish","type":"post","link":"https:\/\/vortexbird.com\/en\/16-anos-creciendo-juntos-la-historia-de-un-sueno-que-sigue-transformando-el-futuro\/","title":{"rendered":"16 a\u00f1os creciendo juntos: la historia de un sue\u00f1o que sigue transformando el futuro"},"content":{"rendered":"<div class=\"wpb-content-wrapper\" id=\"wpb-content-root\"><div class=\"vc_row wpb_row vc_row-fluid\"><div class=\"wpb_column vc_column_container vc_col-sm-12\"><div class=\"vc_column-inner\"><div class=\"wpb_wrapper\">\n\t<div class=\"wpb_text_column wpb_content_element wpb_animate_when_almost_visible wpb_fadeInUp fadeInUp\" >\n\t\t<div class=\"wpb_wrapper\">\n\t\t\t<h1 style=\"text-align: justify;\"><span style=\"color: #10c1bc; font-size: 22px;\"><strong>El 14 de julio de 2010 naci\u00f3 Vortexbird.<\/strong><\/span><\/h1>\n<p style=\"text-align: justify;\"><span style=\"font-weight: 400;\">Lo que comenz\u00f3 como una idea compartida entre dos ingenieros, hoy es una organizaci\u00f3n conformada por m\u00e1s de 80 personas que trabajan cada d\u00eda para transformar desaf\u00edos en soluciones tecnol\u00f3gicas que generan valor para empresas, organizaciones y comunidades.<\/span><\/p>\n<p style=\"text-align: justify;\"><span style=\"font-weight: 400;\">Detr\u00e1s de estos 16 a\u00f1os hay proyectos, aprendizajes, retos superados y logros alcanzados. Pero, sobre todo, hay personas.<\/span><\/p>\n<p style=\"text-align: justify;\"><span style=\"font-weight: 400;\">Hay historias de crecimiento, familias que han acompa\u00f1ado este camino y un prop\u00f3sito que ha permanecido intacto desde el primer d\u00eda: construir una empresa donde la tecnolog\u00eda sea un habilitador de soluciones y donde las personas puedan desarrollarse con pasi\u00f3n, bienestar y calidad superior.<\/span><\/p>\n<h1 style=\"text-align: justify;\"><span style=\"color: #10c1bc; font-size: 22px;\"><b>Un sue\u00f1o que comenz\u00f3 con una convicci\u00f3n<\/b><\/span><\/h1>\n<p style=\"text-align: justify;\"><span style=\"font-weight: 400;\">Para <\/span><span style=\"color: #ff9141;\"><b>Diego Armando G\u00f3mez<\/b><\/span><span style=\"font-weight: 400;\">, CEO y cofundador de Vortexbird, la inspiraci\u00f3n surgi\u00f3 de una necesidad concreta del mercado, pero tambi\u00e9n de una visi\u00f3n mucho m\u00e1s profunda.<\/span><\/p>\n<p style=\"text-align: justify;\"><i><span style=\"font-weight: 400;\">\u00abNosotros so\u00f1\u00e1bamos con crear una empresa donde la gente trabajara con alegr\u00eda alrededor de proyectos en los que la tecnolog\u00eda fuera un habilitador de soluciones, con pasi\u00f3n y calidad superior.\u00bb<\/span><\/i><\/p>\n<p style=\"text-align: justify;\"><span style=\"font-weight: 400;\">La oportunidad apareci\u00f3 al identificar necesidades de integraci\u00f3n tecnol\u00f3gica que muchas organizaciones enfrentaban y que pod\u00edan resolverse de una manera diferente.<\/span><\/p>\n<p style=\"text-align: justify;\"><span style=\"font-weight: 400;\">\u00ab<\/span><i><span style=\"font-weight: 400;\">El sue\u00f1o nac\u00eda de una necesidad que ten\u00edan nuestros clientes de un modelo de integraci\u00f3n que nosotros cre\u00edamos que pod\u00eda generar mucho valor. Pero tambi\u00e9n quer\u00edamos que las personas que estuvieran aqu\u00ed se sintieran felices.\u00bb \u2013 <\/span><\/i><span style=\"font-weight: 400;\">A\u00f1ade Diego.<\/span><\/p>\n<p style=\"text-align: justify;\"><span style=\"font-weight: 400;\">Esa visi\u00f3n sigue siendo parte fundamental del ADN de Vortexbird.<\/span><\/p>\n\n\t\t<\/div>\n\t<\/div>\n<div class=\"vc_row wpb_row vc_inner vc_row-fluid\"><div class=\"wpb_column vc_column_container vc_col-sm-6\"><div class=\"vc_column-inner\"><div class=\"wpb_wrapper\">\n\t<div  class=\"wpb_single_image wpb_content_element vc_align_center wpb_content_element wpb_animate_when_almost_visible wpb_bounceInLeft bounceInLeft\">\n\t\t\n\t\t<figure class=\"wpb_wrapper vc_figure\">\n\t\t\t\n<a\n\thref=\"https:\/\/vortexbird.com\/wp-content\/uploads\/2026\/07\/ADN_Vortexbird.png\"\n\t\t\tclass=\"vc_single_image-wrapper vc_box_circle \"\n\t\tdata-lightbox=\"lightbox[rel-4837-1722726872]\"\t\ttitle=\"ADN Vortexbird\"\n\t>\n\t<img decoding=\"async\" width=\"900\" height=\"450\" data-src=\"https:\/\/vortexbird.com\/wp-content\/uploads\/2026\/07\/ADN_Vortexbird.png\" class=\"vc_single_image-img attachment-full lazyload\" alt=\"ADN Vortexbird\" src=\"data:image\/svg+xml;base64,PHN2ZyB3aWR0aD0iMSIgaGVpZ2h0PSIxIiB4bWxucz0iaHR0cDovL3d3dy53My5vcmcvMjAwMC9zdmciPjwvc3ZnPg==\" style=\"--smush-placeholder-width: 900px; --smush-placeholder-aspect-ratio: 900\/450;\" \/><\/a>\n\n\t\t<\/figure>\n\t<\/div>\n<\/div><\/div><\/div><div class=\"wpb_column vc_column_container vc_col-sm-6\"><div class=\"vc_column-inner\"><div class=\"wpb_wrapper\">\n\t<div  class=\"wpb_single_image wpb_content_element vc_align_center wpb_content_element wpb_animate_when_almost_visible wpb_bounceInRight bounceInRight\">\n\t\t\n\t\t<figure class=\"wpb_wrapper vc_figure\">\n\t\t\t\n<a\n\thref=\"https:\/\/vortexbird.com\/wp-content\/uploads\/2026\/07\/BANNER-VORTEXBIRD-16-ANOS-BLOG-Y-RECURSOS-1.png\"\n\t\t\tclass=\"vc_single_image-wrapper vc_box_circle \"\n\t\tdata-lightbox=\"lightbox[rel-4837-1565857507]\"\t\ttitle=\"BANNER VORTEXBIRD 16 AN\u0303OS\"\n\t>\n\t<img decoding=\"async\" width=\"900\" height=\"450\" data-src=\"https:\/\/vortexbird.com\/wp-content\/uploads\/2026\/07\/BANNER-VORTEXBIRD-16-ANOS-BLOG-Y-RECURSOS-1.png\" class=\"vc_single_image-img attachment-full lazyload\" alt=\"BANNER VORTEXBIRD 16 AN\u0303OS\" src=\"data:image\/svg+xml;base64,PHN2ZyB3aWR0aD0iMSIgaGVpZ2h0PSIxIiB4bWxucz0iaHR0cDovL3d3dy53My5vcmcvMjAwMC9zdmciPjwvc3ZnPg==\" style=\"--smush-placeholder-width: 900px; --smush-placeholder-aspect-ratio: 900\/450;\" \/><\/a>\n\n\t\t<\/figure>\n\t<\/div>\n<\/div><\/div><\/div><\/div><div class=\"vc_row wpb_row vc_inner vc_row-fluid vc_row-o-content-middle vc_row-flex\"><div class=\"wpb_column vc_column_container vc_col-sm-12\"><div class=\"vc_column-inner\"><div class=\"wpb_wrapper\">\n\t<div class=\"wpb_text_column wpb_content_element wpb_animate_when_almost_visible wpb_fadeInUp fadeInUp\" >\n\t\t<div class=\"wpb_wrapper\">\n\t\t\t<h1 style=\"text-align: center;\"><span style=\"color: #10c1bc; font-size: 22px;\"><b>Una locura en la que decidieron creer<\/b><\/span><\/h1>\n<p style=\"text-align: justify;\"><span style=\"font-weight: 400;\">Para <span style=\"color: #ff9141;\"><strong>Johan Bejarano<\/strong><\/span>, l\u00edder de I+D+i y cofundador, el nacimiento de Vortexbird fue el resultado de unir dos ideas, dos visiones y una enorme convicci\u00f3n.<\/span><\/p>\n<p style=\"text-align: justify;\"><i><span style=\"font-weight: 400;\">\u00abEsto naci\u00f3 como una locura, porque cuando se juntan ideas de personas diferentes, aunque parezcan muy locas, si se llevan a la acci\u00f3n pueden convertirse en realidad. Era una locura de la que est\u00e1bamos convencidos que \u00edbamos a poder con ella\u00bb.<\/span><\/i><\/p>\n<p style=\"text-align: justify;\"><span style=\"font-weight: 400;\">Como ocurre con cualquier emprendimiento, los primeros a\u00f1os estuvieron llenos de incertidumbre, decisiones dif\u00edciles y grandes aprendizajes.<\/span><\/p>\n<p style=\"text-align: justify;\"><span style=\"font-weight: 400;\">Sin embargo, la perseverancia siempre fue m\u00e1s fuerte que las dificultades.<\/span><\/p>\n\n\t\t<\/div>\n\t<\/div>\n<\/div><\/div><\/div><\/div><div class=\"vc_row wpb_row vc_inner vc_row-fluid vc_row-o-content-middle vc_row-flex\"><div class=\"wpb_column vc_column_container vc_col-sm-6\"><div class=\"vc_column-inner\"><div class=\"wpb_wrapper\"><div id=\"cz_10858\" class=\"cz_10858 cz_video_popup clr cz_video_popup_c wpb_animate_when_almost_visible bounceInLeft\"><div><div class=\"cz_vp_c\"><a href=\"https:\/\/www.youtube.com\/watch?v=z-PKxorPp7w\"><img decoding=\"async\" data-src=\"https:\/\/img.youtube.com\/vi\/z-PKxorPp7w\/sddefault.jpg\" width=\"500\" height=\"500\" alt=\"image\" src=\"data:image\/svg+xml;base64,PHN2ZyB3aWR0aD0iMSIgaGVpZ2h0PSIxIiB4bWxucz0iaHR0cDovL3d3dy53My5vcmcvMjAwMC9zdmciPjwvc3ZnPg==\" class=\"lazyload\" style=\"--smush-placeholder-width: 500px; --smush-placeholder-aspect-ratio: 500\/500;\" \/><div class=\"cz_vp_inner\"><span><i class=\"fa fa-play\"><\/i><\/span><\/div><\/a><\/div><\/div><\/div><\/div><\/div><\/div><div class=\"wpb_column vc_column_container vc_col-sm-6\"><div class=\"vc_column-inner\"><div class=\"wpb_wrapper\"><div id=\"cz_3265\" class=\"cz_3265 cz_video_popup clr cz_video_popup_c wpb_animate_when_almost_visible bounceInRight\"><div><div class=\"cz_vp_c\"><a href=\"https:\/\/www.youtube.com\/watch?v=q5eut-w5_9U\"><img decoding=\"async\" data-src=\"https:\/\/img.youtube.com\/vi\/q5eut-w5_9U\/sddefault.jpg\" width=\"500\" height=\"500\" alt=\"image\" src=\"data:image\/svg+xml;base64,PHN2ZyB3aWR0aD0iMSIgaGVpZ2h0PSIxIiB4bWxucz0iaHR0cDovL3d3dy53My5vcmcvMjAwMC9zdmciPjwvc3ZnPg==\" class=\"lazyload\" style=\"--smush-placeholder-width: 500px; --smush-placeholder-aspect-ratio: 500\/500;\" \/><div class=\"cz_vp_inner\"><span><i class=\"fa fa-play\"><\/i><\/span><\/div><\/a><\/div><\/div><\/div><\/div><\/div><\/div><\/div><\/div><\/div><\/div><\/div><div class=\"vc_row wpb_row vc_row-fluid\"><div class=\"wpb_column vc_column_container vc_col-sm-12\"><div class=\"vc_column-inner\"><div class=\"wpb_wrapper\">\n\t<div class=\"wpb_text_column wpb_content_element wpb_animate_when_almost_visible wpb_fadeInUp fadeInUp\" >\n\t\t<div class=\"wpb_wrapper\">\n\t\t\t<h1 style=\"text-align: center;\"><span style=\"color: #10c1bc; font-size: 22px;\"><b>M\u00e1s que una empresa, una responsabilidad compartida<\/b><\/span><\/h1>\n\n\t\t<\/div>\n\t<\/div>\n<div class=\"vc_row wpb_row vc_inner vc_row-fluid vc_row-o-content-middle vc_row-flex\"><div class=\"wpb_column vc_column_container vc_col-sm-6\"><div class=\"vc_column-inner\"><div class=\"wpb_wrapper\">\n\t<div class=\"wpb_text_column wpb_content_element wpb_animate_when_almost_visible wpb_fadeInUp fadeInUp\" >\n\t\t<div class=\"wpb_wrapper\">\n\t\t\t<p style=\"text-align: justify;\"><span style=\"font-weight: 400;\">Cuando los fundadores recuerdan estos 16 a\u00f1os, no piensan \u00fanicamente en proyectos o resultados. Piensan en las personas.<\/span><\/p>\n<p style=\"text-align: justify;\"><i><span style=\"font-weight: 400;\">\u00abNo es f\u00e1cil describir lo que implican 16 a\u00f1os de esfuerzo, de asumir un compromiso con familias que empezaron siendo cinco personas y ahora son m\u00e1s de ochenta\u00bb.<\/span><\/i><\/p>\n<p style=\"text-align: justify;\"><span style=\"font-weight: 400;\">Cada crecimiento, cada nuevo integrante y cada proyecto exitoso representan tambi\u00e9n una responsabilidad que ha acompa\u00f1ado la evoluci\u00f3n de la organizaci\u00f3n.<\/span><\/p>\n\n\t\t<\/div>\n\t<\/div>\n<\/div><\/div><\/div><div class=\"wpb_column vc_column_container vc_col-sm-6\"><div class=\"vc_column-inner\"><div class=\"wpb_wrapper\"><div id=\"cz_1787\" class=\"cz_1787 cz_video_popup clr cz_video_popup_c wpb_animate_when_almost_visible bounceInRight\"><div><div class=\"cz_vp_c\"><a href=\"https:\/\/www.youtube.com\/watch?v=8jtZcubdJOM\"><img decoding=\"async\" data-src=\"https:\/\/img.youtube.com\/vi\/8jtZcubdJOM\/sddefault.jpg\" width=\"500\" height=\"500\" alt=\"image\" src=\"data:image\/svg+xml;base64,PHN2ZyB3aWR0aD0iMSIgaGVpZ2h0PSIxIiB4bWxucz0iaHR0cDovL3d3dy53My5vcmcvMjAwMC9zdmciPjwvc3ZnPg==\" class=\"lazyload\" style=\"--smush-placeholder-width: 500px; --smush-placeholder-aspect-ratio: 500\/500;\" \/><div class=\"cz_vp_inner\"><span><i class=\"fa fa-play\"><\/i><\/span><\/div><\/a><\/div><\/div><\/div><\/div><\/div><\/div><\/div><\/div><\/div><\/div><\/div><div class=\"vc_row wpb_row vc_row-fluid\"><div class=\"wpb_column vc_column_container vc_col-sm-12\"><div class=\"vc_column-inner\"><div class=\"wpb_wrapper\">\n\t<div class=\"wpb_text_column wpb_content_element wpb_animate_when_almost_visible wpb_fadeInUp fadeInUp\" >\n\t\t<div class=\"wpb_wrapper\">\n\t\t\t<h1 style=\"text-align: center;\"><span style=\"color: #10c1bc; font-size: 22px;\"><b>Los retos que impulsan el crecimiento<\/b><\/span><\/h1>\n\n\t\t<\/div>\n\t<\/div>\n<div class=\"vc_row wpb_row vc_inner vc_row-fluid vc_row-o-content-middle vc_row-flex\"><div class=\"wpb_column vc_column_container vc_col-sm-6\"><div class=\"vc_column-inner\"><div class=\"wpb_wrapper\">\n\t<div class=\"wpb_text_column wpb_content_element wpb_animate_when_almost_visible wpb_fadeInUp fadeInUp\" >\n\t\t<div class=\"wpb_wrapper\">\n\t\t\t<p style=\"text-align: justify;\"><span style=\"font-weight: 400;\">Durante estos a\u00f1os, Vortexbird ha enfrentado desaf\u00edos t\u00e9cnicos, organizacionales y de negocio que han exigido innovaci\u00f3n, capacidad de adaptaci\u00f3n y trabajo en equipo.<\/span><\/p>\n<p style=\"text-align: justify;\"><span style=\"font-weight: 400;\">Para Diego, la clave siempre ha estado en el prop\u00f3sito compartido.<\/span><\/p>\n<p style=\"text-align: justify;\"><i><span style=\"font-weight: 400;\">\u00abSiempre hay proyectos retadores, clientes que te llevan a hacer cosas muy grandes, pero cuando existe un prop\u00f3sito claro, el equipo termina resolvi\u00e9ndolo y saliendo fortalecido de ese tipo de proyectos.\u00bb<\/span><\/i><\/p>\n<p style=\"text-align: justify;\"><span style=\"font-weight: 400;\">Esa capacidad de afrontar desaf\u00edos y convertirlos en oportunidades ha permitido que Vortexbird contin\u00fae evolucionando en un entorno tecnol\u00f3gico cada vez m\u00e1s din\u00e1mico.<\/span><\/p>\n\n\t\t<\/div>\n\t<\/div>\n<\/div><\/div><\/div><div class=\"wpb_column vc_column_container vc_col-sm-6\"><div class=\"vc_column-inner\"><div class=\"wpb_wrapper\"><div id=\"cz_7854\" class=\"cz_7854 cz_video_popup clr cz_video_popup_c wpb_animate_when_almost_visible bounceInRight\"><div><div class=\"cz_vp_c\"><a href=\"https:\/\/www.youtube.com\/watch?v=k_ol3kBP050\"><img decoding=\"async\" data-src=\"https:\/\/img.youtube.com\/vi\/k_ol3kBP050\/sddefault.jpg\" width=\"500\" height=\"500\" alt=\"image\" src=\"data:image\/svg+xml;base64,PHN2ZyB3aWR0aD0iMSIgaGVpZ2h0PSIxIiB4bWxucz0iaHR0cDovL3d3dy53My5vcmcvMjAwMC9zdmciPjwvc3ZnPg==\" class=\"lazyload\" style=\"--smush-placeholder-width: 500px; --smush-placeholder-aspect-ratio: 500\/500;\" \/><div class=\"cz_vp_inner\"><span><i class=\"fa fa-play\"><\/i><\/span><\/div><\/a><\/div><\/div><\/div><\/div><\/div><\/div><\/div><\/div><\/div><\/div><\/div><div class=\"vc_row wpb_row vc_row-fluid\"><div class=\"wpb_column vc_column_container vc_col-sm-12\"><div class=\"vc_column-inner\"><div class=\"wpb_wrapper\">\n\t<div class=\"wpb_text_column wpb_content_element wpb_animate_when_almost_visible wpb_fadeInUp fadeInUp\" >\n\t\t<div class=\"wpb_wrapper\">\n\t\t\t<h1 style=\"text-align: center;\"><span style=\"color: #10c1bc; font-size: 22px;\"><b>Una historia que sigue escribi\u00e9ndose<br \/>\n<\/b><\/span><\/h1>\n\n\t\t<\/div>\n\t<\/div>\n<div class=\"vc_row wpb_row vc_inner vc_row-fluid vc_row-o-content-middle vc_row-flex\"><div class=\"wpb_column vc_column_container vc_col-sm-12\"><div class=\"vc_column-inner\"><div class=\"wpb_wrapper\">\n\t<div class=\"wpb_text_column wpb_content_element wpb_animate_when_almost_visible wpb_fadeInUp fadeInUp\" >\n\t\t<div class=\"wpb_wrapper\">\n\t\t\t<p style=\"text-align: justify;\"><span style=\"font-weight: 400;\">Julio es un mes emotivo que lleva a celebrar 16 a\u00f1os de trayectoria, por ello, Vortexbird reconoce todo lo construido, pero tambi\u00e9n mira hacia adelante.<\/span><\/p>\n<p style=\"text-align: justify;\"><span style=\"font-weight: 400;\">La innovaci\u00f3n, la transformaci\u00f3n digital y el crecimiento de las personas contin\u00faan siendo los pilares que impulsan la organizaci\u00f3n.<\/span><\/p>\n<p style=\"text-align: justify;\"><span style=\"font-weight: 400;\">Lo que comenz\u00f3 como un sue\u00f1o compartido entre dos ingenieros se ha convertido en una historia construida por decenas de personas que han aportado su talento, compromiso y pasi\u00f3n para hacerla posible.<\/span><\/p>\n<p style=\"text-align: justify;\"><span style=\"font-weight: 400;\">Las historias de crecimiento tambi\u00e9n se reflejan en quienes han construido su trayectoria profesional dentro de la organizaci\u00f3n.<\/span><\/p>\n<p style=\"text-align: justify;\"><span style=\"font-weight: 400;\">Uno de ellos es <\/span><span style=\"color: #ff9141;\"><b>Geider Andr\u00e9s Monta\u00f1o<\/b><\/span><span style=\"font-weight: 400;\">, Application Developer, quien destaca el impacto que Vortexbird ha tenido en su desarrollo personal y profesional:<\/span><\/p>\n<p style=\"text-align: justify;\"><i><span style=\"font-weight: 400;\">\u00abVortexbird ha sido mucho m\u00e1s que un lugar de trabajo: ha sido un terreno f\u00e9rtil donde mis habilidades han echado ra\u00edces y florecido. Aqu\u00ed he sido desarrollador, pero tambi\u00e9n gu\u00eda para mis compa\u00f1eros, y cada reto que se ha cruzado en mi camino se ha convertido en una oportunidad disfrazada de dificultad.<\/span><\/i><\/p>\n<p style=\"text-align: left;\"><span style=\"font-weight: 400;\">Geider a\u00f1ade:<\/span><i><span style=\"font-weight: 400;\"> \u201cVortexbird se ha transformado en mi segundo hogar, un lugar donde el potencial no tiene techo y las oportunidades parecen multiplicarse cada vez que doy un paso m\u00e1s. Es, sin duda, la experiencia laboral m\u00e1s nutritiva y significativa que he vivido\u00bb.<\/span><\/i><\/p>\n\n\t\t<\/div>\n\t<\/div>\n<\/div><\/div><\/div><\/div><\/div><\/div><\/div><\/div><div class=\"vc_row wpb_row vc_row-fluid\"><div class=\"wpb_column vc_column_container vc_col-sm-12\"><div class=\"vc_column-inner\"><div class=\"wpb_wrapper\">\n\t<div class=\"wpb_text_column wpb_content_element wpb_animate_when_almost_visible wpb_fadeInUp fadeInUp\" >\n\t\t<div class=\"wpb_wrapper\">\n\t\t\t<h1 style=\"text-align: center;\"><span style=\"color: #10c1bc; font-size: 22px;\"><b>Mirar al futuro\u2026<br \/>\n<\/b><\/span><\/h1>\n\n\t\t<\/div>\n\t<\/div>\n<div class=\"vc_row wpb_row vc_inner vc_row-fluid vc_row-o-content-middle vc_row-flex\"><div class=\"wpb_column vc_column_container vc_col-sm-6\"><div class=\"vc_column-inner\"><div class=\"wpb_wrapper\">\n\t<div class=\"wpb_text_column wpb_content_element wpb_animate_when_almost_visible wpb_fadeInUp fadeInUp\" >\n\t\t<div class=\"wpb_wrapper\">\n\t\t\t<p style=\"text-align: justify;\"><span style=\"font-weight: 400;\">Para <\/span><b><span style=\"color: #ff9141;\">Beatriz Eugenia Grass<\/span>, Chief Information Officer (CIO)<\/b><span style=\"font-weight: 400;\">, la palabra que mejor define el futuro de Vortexbird es <\/span><b>adaptabilidad<\/b><span style=\"font-weight: 400;\">.<\/span><\/p>\n<p style=\"text-align: justify;\"><i><span style=\"font-weight: 400;\">\u00abAdaptabilidad, porque no es un concepto abstracto; es algo que vemos todos los d\u00edas. Se refleja en c\u00f3mo se reconfiguran las c\u00e9lulas \u00e1giles seg\u00fan las necesidades de cada cliente, en la capacidad del equipo para incorporar nuevas tecnolog\u00edas sin detener la entrega de valor y en c\u00f3mo la operaci\u00f3n se ajusta entre proyectos a la medida, esquemas de staff augmentation y productos propios.\u00bb<\/span><\/i><\/p>\n<p style=\"text-align: justify;\"><span style=\"font-weight: 400;\">Desde su perspectiva, el futuro de una empresa de tecnolog\u00eda depende de su capacidad para evolucionar sin perder su esencia.<\/span><\/p>\n<p style=\"text-align: justify;\"><i><span style=\"font-weight: 400;\">\u00abEl futuro de una f\u00e1brica de software no se mide solo en las l\u00edneas de c\u00f3digo entregadas, sino en qu\u00e9 tan r\u00e1pido puede cambiar de forma sin romperse y sin comprometer la calidad.\u00bb<\/span><\/i><\/p>\n\n\t\t<\/div>\n\t<\/div>\n<\/div><\/div><\/div><div class=\"wpb_column vc_column_container vc_col-sm-6\"><div class=\"vc_column-inner\"><div class=\"wpb_wrapper\"><div id=\"cz_9421\" class=\"cz_9421 cz_video_popup clr cz_video_popup_c wpb_animate_when_almost_visible bounceInRight\"><div><div class=\"cz_vp_c\"><a href=\"https:\/\/www.youtube.com\/watch?v=DFngyNpcrnQ\"><img decoding=\"async\" data-src=\"https:\/\/img.youtube.com\/vi\/DFngyNpcrnQ\/sddefault.jpg\" width=\"500\" height=\"500\" alt=\"image\" src=\"data:image\/svg+xml;base64,PHN2ZyB3aWR0aD0iMSIgaGVpZ2h0PSIxIiB4bWxucz0iaHR0cDovL3d3dy53My5vcmcvMjAwMC9zdmciPjwvc3ZnPg==\" class=\"lazyload\" style=\"--smush-placeholder-width: 500px; --smush-placeholder-aspect-ratio: 500\/500;\" \/><div class=\"cz_vp_inner\"><span><i class=\"fa fa-play\"><\/i><\/span><\/div><\/a><\/div><\/div><\/div><\/div><\/div><\/div><\/div><\/div><\/div><\/div><\/div><div class=\"vc_row wpb_row vc_row-fluid\"><div class=\"wpb_column vc_column_container vc_col-sm-12\"><div class=\"vc_column-inner\"><div class=\"wpb_wrapper\">\n\t<div class=\"wpb_text_column wpb_content_element wpb_animate_when_almost_visible wpb_fadeInUp fadeInUp\" >\n\t\t<div class=\"wpb_wrapper\">\n\t\t\t<p style=\"text-align: justify;\"><span style=\"font-weight: 400;\">Por su parte, para <\/span><b><span style=\"color: #ff9141;\">Ana Mar\u00eda Hern\u00e1ndez<\/span>, Human Resources Manager<\/b><span style=\"font-weight: 400;\">, la palabra que mejor describe el futuro de Vortexbird es <\/span><b>evoluci\u00f3n<\/b><span style=\"font-weight: 400;\">:<\/span><i><span style=\"font-weight: 400;\"> \u201cEvoluci\u00f3n, porque lo que viene para Vortexbird nace de las personas\u201d.<\/span><\/i><\/p>\n<p style=\"text-align: justify;\"><span style=\"font-weight: 400;\">Para ella, la evoluci\u00f3n no es solo transformaci\u00f3n organizacional; es la fuerza humana que impulsa a la empresa a crecer con intenci\u00f3n. Es la manera en que cada colaborador aporta, se adapta, aprende y se compromete con construir algo mejor.<\/span><\/p>\n<p style=\"text-align: justify;\"><i><span style=\"font-weight: 400;\">\u201cEstamos cambiando procesos, conversaciones y formas de relacionarnos. Pero, sobre todo, estamos creciendo desde adentro: desde la cultura, desde la escucha y desde la voluntad genuina de ser mejores\u201d.<\/span><\/i><\/p>\n<p style=\"text-align: justify;\"><span style=\"font-weight: 400;\">Ana Mar\u00eda sue\u00f1a e imagina ese futuro: donde cada paso adelante nace del talento, la conciencia y la humanidad de quienes hacen parte de Vortexbird.<\/span><\/p>\n\n\t\t<\/div>\n\t<\/div>\n\n\t<div class=\"wpb_text_column wpb_content_element wpb_animate_when_almost_visible wpb_fadeInUp fadeInUp\" >\n\t\t<div class=\"wpb_wrapper\">\n\t\t\t<p style=\"text-align: justify;\"><span style=\"font-weight: 400;\">Porque despu\u00e9s de 16 a\u00f1os, la esencia sigue siendo la misma:<\/span><\/p>\n<p style=\"text-align: justify;\"><b>Crecer juntos. Transformar el futuro. Construir soluciones que generen valor y permitan que las personas desarrollen todo su potencial.<\/b><\/p>\n<p style=\"text-align: justify;\"><span style=\"font-weight: 400;\">Y esta historia apenas comienza.<\/span><\/p>\n\n\t\t<\/div>\n\t<\/div>\n<div class=\"vc_row wpb_row vc_inner vc_row-fluid vc_row-o-content-middle vc_row-flex\"><div class=\"wpb_column vc_column_container vc_col-sm-3\"><div class=\"vc_column-inner\"><div class=\"wpb_wrapper\"><\/div><\/div><\/div><div class=\"wpb_column vc_column_container vc_col-sm-6\"><div class=\"vc_column-inner\"><div class=\"wpb_wrapper\"><\/div><\/div><\/div><div class=\"wpb_column vc_column_container vc_col-sm-3\"><div class=\"vc_column-inner\"><div class=\"wpb_wrapper\"><\/div><\/div><\/div><\/div><\/div><\/div><\/div><\/div>\n<\/div>","protected":false},"excerpt":{"rendered":"El 14 de julio de 2010 naci\u00f3 Vortexbird. Lo que comenz\u00f3 como una idea compartida entre dos ingenieros, hoy es","protected":false},"author":1,"featured_media":4842,"comment_status":"open","ping_status":"open","sticky":false,"template":"","format":"standard","meta":{"fifu_image_url":"https:\/\/vortexbird.com\/wp-content\/uploads\/2026\/07\/Cumple16.Vortexbird.jpg","fifu_image_alt":"","footnotes":""},"categories":[185],"tags":[],"class_list":["post-4837","post","type-post","status-publish","format-standard","has-post-thumbnail","hentry","category-vortexbird"],"yoast_head":"<!-- This site is optimized with the Yoast SEO plugin v28.3 - https:\/\/yoast.com\/product\/yoast-seo-wordpress\/ -->\n<title>16 a\u00f1os creciendo juntos: la historia de un sue\u00f1o que sigue transformando el futuro - Vortexbird<\/title>\n<meta name=\"robots\" content=\"index, follow, max-snippet:-1, max-image-preview:large, max-video-preview:-1\" \/>\n<link rel=\"canonical\" href=\"https:\/\/vortexbird.com\/en\/16-anos-creciendo-juntos-la-historia-de-un-sueno-que-sigue-transformando-el-futuro\/\" \/>\n<meta property=\"og:locale\" content=\"en_US\" \/>\n<meta property=\"og:type\" content=\"article\" \/>\n<meta property=\"og:title\" content=\"16 a\u00f1os creciendo juntos: la historia de un sue\u00f1o que sigue transformando el futuro - Vortexbird\" \/>\n<meta property=\"og:url\" content=\"https:\/\/vortexbird.com\/en\/16-anos-creciendo-juntos-la-historia-de-un-sueno-que-sigue-transformando-el-futuro\/\" \/>\n<meta property=\"og:site_name\" content=\"Vortexbird\" \/>\n<meta property=\"article:published_time\" content=\"2026-07-21T23:29:10+00:00\" \/>\n<meta property=\"article:modified_time\" content=\"2026-07-22T14:57:17+00:00\" \/>\n<meta property=\"og:image\" content=\"https:\/\/i3.wp.com\/vortexbird.com\/wp-content\/uploads\/2026\/07\/Cumple16.Vortexbird.jpg?w=1920&resize=1920,600&ssl=1\" \/>\n\t<meta property=\"og:image:width\" content=\"1920\" \/>\n\t<meta property=\"og:image:height\" content=\"600\" \/>\n\t<meta property=\"og:image:type\" content=\"image\/jpeg\" \/>\n<meta name=\"author\" content=\"Vortex.bird\" \/>\n<meta name=\"twitter:card\" content=\"summary_large_image\" \/>\n<meta name=\"twitter:label1\" content=\"Written by\" \/>\n\t<meta name=\"twitter:data1\" content=\"Vortex.bird\" \/>\n\t<meta name=\"twitter:label2\" content=\"Est. reading time\" \/>\n\t<meta name=\"twitter:data2\" content=\"6 minutes\" \/>\n<script type=\"application\/ld+json\" class=\"yoast-schema-graph\">{\"@context\":\"https:\\\/\\\/schema.org\",\"@graph\":[{\"@type\":\"Article\",\"@id\":\"https:\\\/\\\/vortexbird.com\\\/16-anos-creciendo-juntos-la-historia-de-un-sueno-que-sigue-transformando-el-futuro\\\/#article\",\"isPartOf\":{\"@id\":\"https:\\\/\\\/vortexbird.com\\\/16-anos-creciendo-juntos-la-historia-de-un-sueno-que-sigue-transformando-el-futuro\\\/\"},\"author\":{\"name\":\"Vortex.bird\",\"@id\":\"https:\\\/\\\/vortexbird.com\\\/#\\\/schema\\\/person\\\/e69cef57e13dc876e812bed5602ce051\"},\"headline\":\"16 a\u00f1os creciendo juntos: la historia de un sue\u00f1o que sigue transformando el futuro\",\"datePublished\":\"2026-07-21T23:29:10+00:00\",\"dateModified\":\"2026-07-22T14:57:17+00:00\",\"mainEntityOfPage\":{\"@id\":\"https:\\\/\\\/vortexbird.com\\\/16-anos-creciendo-juntos-la-historia-de-un-sueno-que-sigue-transformando-el-futuro\\\/\"},\"wordCount\":1623,\"commentCount\":0,\"image\":{\"@id\":\"https:\\\/\\\/vortexbird.com\\\/16-anos-creciendo-juntos-la-historia-de-un-sueno-que-sigue-transformando-el-futuro\\\/#primaryimage\"},\"thumbnailUrl\":\"https:\\\/\\\/i2.wp.com\\\/vortexbird.com\\\/wp-content\\\/uploads\\\/2026\\\/07\\\/Cumple16.Vortexbird.jpg?w=1920&fit=1920,600&ssl=1\",\"articleSection\":[\"Vortexbird\"],\"inLanguage\":\"en-US\",\"potentialAction\":[{\"@type\":\"CommentAction\",\"name\":\"Comment\",\"target\":[\"https:\\\/\\\/vortexbird.com\\\/16-anos-creciendo-juntos-la-historia-de-un-sueno-que-sigue-transformando-el-futuro\\\/#respond\"]}]},{\"@type\":\"WebPage\",\"@id\":\"https:\\\/\\\/vortexbird.com\\\/16-anos-creciendo-juntos-la-historia-de-un-sueno-que-sigue-transformando-el-futuro\\\/\",\"url\":\"https:\\\/\\\/vortexbird.com\\\/16-anos-creciendo-juntos-la-historia-de-un-sueno-que-sigue-transformando-el-futuro\\\/\",\"name\":\"16 a\u00f1os creciendo juntos: la historia de un sue\u00f1o que sigue transformando el futuro - Vortexbird\",\"isPartOf\":{\"@id\":\"https:\\\/\\\/vortexbird.com\\\/#website\"},\"primaryImageOfPage\":{\"@id\":\"https:\\\/\\\/vortexbird.com\\\/16-anos-creciendo-juntos-la-historia-de-un-sueno-que-sigue-transformando-el-futuro\\\/#primaryimage\"},\"image\":{\"@id\":\"https:\\\/\\\/vortexbird.com\\\/16-anos-creciendo-juntos-la-historia-de-un-sueno-que-sigue-transformando-el-futuro\\\/#primaryimage\"},\"thumbnailUrl\":\"https:\\\/\\\/i2.wp.com\\\/vortexbird.com\\\/wp-content\\\/uploads\\\/2026\\\/07\\\/Cumple16.Vortexbird.jpg?w=1920&fit=1920,600&ssl=1\",\"datePublished\":\"2026-07-21T23:29:10+00:00\",\"dateModified\":\"2026-07-22T14:57:17+00:00\",\"author\":{\"@id\":\"https:\\\/\\\/vortexbird.com\\\/#\\\/schema\\\/person\\\/e69cef57e13dc876e812bed5602ce051\"},\"breadcrumb\":{\"@id\":\"https:\\\/\\\/vortexbird.com\\\/16-anos-creciendo-juntos-la-historia-de-un-sueno-que-sigue-transformando-el-futuro\\\/#breadcrumb\"},\"inLanguage\":\"en-US\",\"potentialAction\":[{\"@type\":\"ReadAction\",\"target\":[\"https:\\\/\\\/vortexbird.com\\\/16-anos-creciendo-juntos-la-historia-de-un-sueno-que-sigue-transformando-el-futuro\\\/\"]}]},{\"@type\":\"ImageObject\",\"inLanguage\":\"en-US\",\"@id\":\"https:\\\/\\\/vortexbird.com\\\/16-anos-creciendo-juntos-la-historia-de-un-sueno-que-sigue-transformando-el-futuro\\\/#primaryimage\",\"url\":\"https:\\\/\\\/i2.wp.com\\\/vortexbird.com\\\/wp-content\\\/uploads\\\/2026\\\/07\\\/Cumple16.Vortexbird.jpg?w=1920&fit=1920,600&ssl=1\",\"contentUrl\":\"https:\\\/\\\/i2.wp.com\\\/vortexbird.com\\\/wp-content\\\/uploads\\\/2026\\\/07\\\/Cumple16.Vortexbird.jpg?w=1920&fit=1920,600&ssl=1\",\"width\":1920,\"height\":600},{\"@type\":\"BreadcrumbList\",\"@id\":\"https:\\\/\\\/vortexbird.com\\\/16-anos-creciendo-juntos-la-historia-de-un-sueno-que-sigue-transformando-el-futuro\\\/#breadcrumb\",\"itemListElement\":[{\"@type\":\"ListItem\",\"position\":1,\"name\":\"Portada\",\"item\":\"https:\\\/\\\/vortexbird.com\\\/\"},{\"@type\":\"ListItem\",\"position\":2,\"name\":\"16 a\u00f1os creciendo juntos: la historia de un sue\u00f1o que sigue transformando el futuro\"}]},{\"@type\":\"WebSite\",\"@id\":\"https:\\\/\\\/vortexbird.com\\\/#website\",\"url\":\"https:\\\/\\\/vortexbird.com\\\/\",\"name\":\"Vortexbird\",\"description\":\"Desarrollo \u00e1gil de software\",\"potentialAction\":[{\"@type\":\"SearchAction\",\"target\":{\"@type\":\"EntryPoint\",\"urlTemplate\":\"https:\\\/\\\/vortexbird.com\\\/?s={search_term_string}\"},\"query-input\":{\"@type\":\"PropertyValueSpecification\",\"valueRequired\":true,\"valueName\":\"search_term_string\"}}],\"inLanguage\":\"en-US\"},{\"@type\":\"Person\",\"@id\":\"https:\\\/\\\/vortexbird.com\\\/#\\\/schema\\\/person\\\/e69cef57e13dc876e812bed5602ce051\",\"name\":\"Vortex.bird\",\"image\":{\"@type\":\"ImageObject\",\"inLanguage\":\"en-US\",\"@id\":\"https:\\\/\\\/secure.gravatar.com\\\/avatar\\\/2df6992145042f545b1961db71214364407f18374dd916ec8351acb05d2a8380?s=96&d=mm&r=g\",\"url\":\"https:\\\/\\\/secure.gravatar.com\\\/avatar\\\/2df6992145042f545b1961db71214364407f18374dd916ec8351acb05d2a8380?s=96&d=mm&r=g\",\"contentUrl\":\"https:\\\/\\\/secure.gravatar.com\\\/avatar\\\/2df6992145042f545b1961db71214364407f18374dd916ec8351acb05d2a8380?s=96&d=mm&r=g\",\"caption\":\"Vortex.bird\"},\"sameAs\":[\"https:\\\/\\\/vortexbird.com\"],\"url\":\"https:\\\/\\\/vortexbird.com\\\/en\\\/author\\\/vortexbird\\\/\"}]}<\/script>\n<!-- \/ Yoast SEO plugin. -->","yoast_head_json":{"title":"16 a\u00f1os creciendo juntos: la historia de un sue\u00f1o que sigue transformando el futuro - Vortexbird","robots":{"index":"index","follow":"follow","max-snippet":"max-snippet:-1","max-image-preview":"max-image-preview:large","max-video-preview":"max-video-preview:-1"},"canonical":"https:\/\/vortexbird.com\/en\/16-anos-creciendo-juntos-la-historia-de-un-sueno-que-sigue-transformando-el-futuro\/","og_locale":"en_US","og_type":"article","og_title":"16 a\u00f1os creciendo juntos: la historia de un sue\u00f1o que sigue transformando el futuro - Vortexbird","og_url":"https:\/\/vortexbird.com\/en\/16-anos-creciendo-juntos-la-historia-de-un-sueno-que-sigue-transformando-el-futuro\/","og_site_name":"Vortexbird","article_published_time":"2026-07-21T23:29:10+00:00","article_modified_time":"2026-07-22T14:57:17+00:00","og_image":[{"width":1920,"height":600,"url":"https:\/\/i3.wp.com\/vortexbird.com\/wp-content\/uploads\/2026\/07\/Cumple16.Vortexbird.jpg?w=1920&resize=1920,600&ssl=1","type":"image\/jpeg"}],"author":"Vortex.bird","twitter_card":"summary_large_image","twitter_misc":{"Written by":"Vortex.bird","Est. reading time":"6 minutes"},"schema":{"@context":"https:\/\/schema.org","@graph":[{"@type":"Article","@id":"https:\/\/vortexbird.com\/16-anos-creciendo-juntos-la-historia-de-un-sueno-que-sigue-transformando-el-futuro\/#article","isPartOf":{"@id":"https:\/\/vortexbird.com\/16-anos-creciendo-juntos-la-historia-de-un-sueno-que-sigue-transformando-el-futuro\/"},"author":{"name":"Vortex.bird","@id":"https:\/\/vortexbird.com\/#\/schema\/person\/e69cef57e13dc876e812bed5602ce051"},"headline":"16 a\u00f1os creciendo juntos: la historia de un sue\u00f1o que sigue transformando el futuro","datePublished":"2026-07-21T23:29:10+00:00","dateModified":"2026-07-22T14:57:17+00:00","mainEntityOfPage":{"@id":"https:\/\/vortexbird.com\/16-anos-creciendo-juntos-la-historia-de-un-sueno-que-sigue-transformando-el-futuro\/"},"wordCount":1623,"commentCount":0,"image":{"@id":"https:\/\/vortexbird.com\/16-anos-creciendo-juntos-la-historia-de-un-sueno-que-sigue-transformando-el-futuro\/#primaryimage"},"thumbnailUrl":"https:\/\/i2.wp.com\/vortexbird.com\/wp-content\/uploads\/2026\/07\/Cumple16.Vortexbird.jpg?w=1920&fit=1920,600&ssl=1","articleSection":["Vortexbird"],"inLanguage":"en-US","potentialAction":[{"@type":"CommentAction","name":"Comment","target":["https:\/\/vortexbird.com\/16-anos-creciendo-juntos-la-historia-de-un-sueno-que-sigue-transformando-el-futuro\/#respond"]}]},{"@type":"WebPage","@id":"https:\/\/vortexbird.com\/16-anos-creciendo-juntos-la-historia-de-un-sueno-que-sigue-transformando-el-futuro\/","url":"https:\/\/vortexbird.com\/16-anos-creciendo-juntos-la-historia-de-un-sueno-que-sigue-transformando-el-futuro\/","name":"16 a\u00f1os creciendo juntos: la historia de un sue\u00f1o que sigue transformando el futuro - Vortexbird","isPartOf":{"@id":"https:\/\/vortexbird.com\/#website"},"primaryImageOfPage":{"@id":"https:\/\/vortexbird.com\/16-anos-creciendo-juntos-la-historia-de-un-sueno-que-sigue-transformando-el-futuro\/#primaryimage"},"image":{"@id":"https:\/\/vortexbird.com\/16-anos-creciendo-juntos-la-historia-de-un-sueno-que-sigue-transformando-el-futuro\/#primaryimage"},"thumbnailUrl":"https:\/\/i2.wp.com\/vortexbird.com\/wp-content\/uploads\/2026\/07\/Cumple16.Vortexbird.jpg?w=1920&fit=1920,600&ssl=1","datePublished":"2026-07-21T23:29:10+00:00","dateModified":"2026-07-22T14:57:17+00:00","author":{"@id":"https:\/\/vortexbird.com\/#\/schema\/person\/e69cef57e13dc876e812bed5602ce051"},"breadcrumb":{"@id":"https:\/\/vortexbird.com\/16-anos-creciendo-juntos-la-historia-de-un-sueno-que-sigue-transformando-el-futuro\/#breadcrumb"},"inLanguage":"en-US","potentialAction":[{"@type":"ReadAction","target":["https:\/\/vortexbird.com\/16-anos-creciendo-juntos-la-historia-de-un-sueno-que-sigue-transformando-el-futuro\/"]}]},{"@type":"ImageObject","inLanguage":"en-US","@id":"https:\/\/vortexbird.com\/16-anos-creciendo-juntos-la-historia-de-un-sueno-que-sigue-transformando-el-futuro\/#primaryimage","url":"https:\/\/i2.wp.com\/vortexbird.com\/wp-content\/uploads\/2026\/07\/Cumple16.Vortexbird.jpg?w=1920&fit=1920,600&ssl=1","contentUrl":"https:\/\/i2.wp.com\/vortexbird.com\/wp-content\/uploads\/2026\/07\/Cumple16.Vortexbird.jpg?w=1920&fit=1920,600&ssl=1","width":1920,"height":600},{"@type":"BreadcrumbList","@id":"https:\/\/vortexbird.com\/16-anos-creciendo-juntos-la-historia-de-un-sueno-que-sigue-transformando-el-futuro\/#breadcrumb","itemListElement":[{"@type":"ListItem","position":1,"name":"Portada","item":"https:\/\/vortexbird.com\/"},{"@type":"ListItem","position":2,"name":"16 a\u00f1os creciendo juntos: la historia de un sue\u00f1o que sigue transformando el futuro"}]},{"@type":"WebSite","@id":"https:\/\/vortexbird.com\/#website","url":"https:\/\/vortexbird.com\/","name":"Vortexbird","description":"Desarrollo \u00e1gil de software","potentialAction":[{"@type":"SearchAction","target":{"@type":"EntryPoint","urlTemplate":"https:\/\/vortexbird.com\/?s={search_term_string}"},"query-input":{"@type":"PropertyValueSpecification","valueRequired":true,"valueName":"search_term_string"}}],"inLanguage":"en-US"},{"@type":"Person","@id":"https:\/\/vortexbird.com\/#\/schema\/person\/e69cef57e13dc876e812bed5602ce051","name":"Vortex.bird","image":{"@type":"ImageObject","inLanguage":"en-US","@id":"https:\/\/secure.gravatar.com\/avatar\/2df6992145042f545b1961db71214364407f18374dd916ec8351acb05d2a8380?s=96&d=mm&r=g","url":"https:\/\/secure.gravatar.com\/avatar\/2df6992145042f545b1961db71214364407f18374dd916ec8351acb05d2a8380?s=96&d=mm&r=g","contentUrl":"https:\/\/secure.gravatar.com\/avatar\/2df6992145042f545b1961db71214364407f18374dd916ec8351acb05d2a8380?s=96&d=mm&r=g","caption":"Vortex.bird"},"sameAs":["https:\/\/vortexbird.com"],"url":"https:\/\/vortexbird.com\/en\/author\/vortexbird\/"}]}},"_links":{"self":[{"href":"https:\/\/vortexbird.com\/en\/wp-json\/wp\/v2\/posts\/4837","targetHints":{"allow":["GET"]}}],"collection":[{"href":"https:\/\/vortexbird.com\/en\/wp-json\/wp\/v2\/posts"}],"about":[{"href":"https:\/\/vortexbird.com\/en\/wp-json\/wp\/v2\/types\/post"}],"author":[{"embeddable":true,"href":"https:\/\/vortexbird.com\/en\/wp-json\/wp\/v2\/users\/1"}],"replies":[{"embeddable":true,"href":"https:\/\/vortexbird.com\/en\/wp-json\/wp\/v2\/comments?post=4837"}],"version-history":[{"count":0,"href":"https:\/\/vortexbird.com\/en\/wp-json\/wp\/v2\/posts\/4837\/revisions"}],"wp:featuredmedia":[{"embeddable":true,"href":"https:\/\/vortexbird.com\/en\/wp-json\/wp\/v2\/media\/4842"}],"wp:attachment":[{"href":"https:\/\/vortexbird.com\/en\/wp-json\/wp\/v2\/media?parent=4837"}],"wp:term":[{"taxonomy":"category","embeddable":true,"href":"https:\/\/vortexbird.com\/en\/wp-json\/wp\/v2\/categories?post=4837"},{"taxonomy":"post_tag","embeddable":true,"href":"https:\/\/vortexbird.com\/en\/wp-json\/wp\/v2\/tags?post=4837"}],"curies":[{"name":"wp","href":"https:\/\/api.w.org\/{rel}","templated":true}]}}